{"id":560,"date":"2026-08-24T08:48:04","date_gmt":"2026-08-24T08:48:04","guid":{"rendered":"https:\/\/atelierdreizehn.de\/?p=560"},"modified":"2026-08-24T08:48:04","modified_gmt":"2026-08-24T08:48:04","slug":"%f0%9f%8e%a8-ausstellung-nr-6-im-atelier-dreizehn","status":"publish","type":"post","link":"https:\/\/atelierdreizehn.de\/?p=560","title":{"rendered":"&#x1f3a8; Ausstellung Nr. 6 im Atelier Dreizehn"},"content":{"rendered":"\n<p>Unter dem Titel <strong>\u201eZum hundertsten Geburtstag\u201c<\/strong> zeigt das Atelier Dreizehn ausgew\u00e4hlte Werke von <strong>Carola Baumbach-Seifert<\/strong>.<\/p>\n\n\n\n<p>Die Ausstellung ist noch bis zum <strong>27. September 2026<\/strong> zu sehen.<\/p>\n\n\n\n<p>&#x1f4cd; <strong>Atelier Dreizehn<\/strong><br>Vilsgasse 13, Kallm\u00fcnz<\/p>\n\n\n\n<p>&#x1f550; <strong>\u00d6ffnungszeiten:<\/strong><br>Samstag und Sonntag von 13 bis 17 Uhr<\/p>\n\n\n\n<p>Wir freuen uns auf euren Besuch!<\/p>\n\n\n\n<p>#AtelierDreizehn #Kallm\u00fcnz #CarolaBaumbachSeifert #Ausstellung #KunstInKallm\u00fcnz #KunstAusDerRegion<\/p>\n\n\n\n<p><\/p>\n","protected":false},"excerpt":{"rendered":"<p>Unter dem Titel \u201eZum hundertsten Geburtstag\u201c zeigt das Atelier Dreizehn ausgew\u00e4hlte Werke von Carola Baumbach-Seifert. Die Ausstellung ist noch bis zum 27. September 2026 zu sehen. &#x1f4cd; Atelier DreizehnVilsgasse 13, Kallm\u00fcnz &#x1f550; \u00d6ffnungszeiten:Samstag und Sonntag von 13 bis 17 Uhr Wir freuen uns auf euren Besuch! #AtelierDreizehn #Kallm\u00fcnz #CarolaBaumbachSeifert #Ausstellung #KunstInKallm\u00fcnz #KunstAusDerRegion<\/p>\n","protected":false},"author":1,"featured_media":0,"comment_status":"closed","ping_status":"open","sticky":false,"template":"","format":"standard","meta":{"footnotes":""},"categories":[1],"tags":[],"class_list":["post-560","post","type-post","status-publish","format-standard","hentry","category-uncategorized"],"_links":{"self":[{"href":"https:\/\/atelierdreizehn.de\/index.php?rest_route=\/wp\/v2\/posts\/560","targetHints":{"allow":["GET"]}}],"collection":[{"href":"https:\/\/atelierdreizehn.de\/index.php?rest_route=\/wp\/v2\/posts"}],"about":[{"href":"https:\/\/atelierdreizehn.de\/index.php?rest_route=\/wp\/v2\/types\/post"}],"author":[{"embeddable":true,"href":"https:\/\/atelierdreizehn.de\/index.php?rest_route=\/wp\/v2\/users\/1"}],"replies":[{"embeddable":true,"href":"https:\/\/atelierdreizehn.de\/index.php?rest_route=%2Fwp%2Fv2%2Fcomments&post=560"}],"version-history":[{"count":1,"href":"https:\/\/atelierdreizehn.de\/index.php?rest_route=\/wp\/v2\/posts\/560\/revisions"}],"predecessor-version":[{"id":561,"href":"https:\/\/atelierdreizehn.de\/index.php?rest_route=\/wp\/v2\/posts\/560\/revisions\/561"}],"wp:attachment":[{"href":"https:\/\/atelierdreizehn.de\/index.php?rest_route=%2Fwp%2Fv2%2Fmedia&parent=560"}],"wp:term":[{"taxonomy":"category","embeddable":true,"href":"https:\/\/atelierdreizehn.de\/index.php?rest_route=%2Fwp%2Fv2%2Fcategories&post=560"},{"taxonomy":"post_tag","embeddable":true,"href":"https:\/\/atelierdreizehn.de\/index.php?rest_route=%2Fwp%2Fv2%2Ftags&post=560"}],"curies":[{"name":"wp","href":"https:\/\/api.w.org\/{rel}","templated":true}]}}